{"id":4833,"date":"2016-11-25T13:56:59","date_gmt":"2016-11-25T12:56:59","guid":{"rendered":"http:\/\/siefar.org\/?p=4833"},"modified":"2016-11-25T13:57:07","modified_gmt":"2016-11-25T12:57:07","slug":"cessac-duchesse-du-maine-parution","status":"publish","type":"post","link":"https:\/\/ancien.siefar.org\/en\/cessac-duchesse-du-maine-parution\/","title":{"rendered":"Parution de notre \u00e9diteur partenaire Classiques Garnier"},"content":{"rendered":"<p><a href=\"http:\/\/siefar.org\/wp-content\/uploads\/2016\/11\/Cessac-DuMaine-CG.png\"><img decoding=\"async\" loading=\"lazy\" class=\"alignleft size-full wp-image-4834\" src=\"http:\/\/siefar.org\/wp-content\/uploads\/2016\/11\/Cessac-DuMaine-CG.png\" alt=\"cessac-dumaine-cg\" width=\"200\" height=\"299\" \/><\/a><strong>Paris, Classique Garnier, 2016, 413 p., 49 \u20ac, ISBN 978-2-406-05863-2<\/strong><\/p>\n<p style=\"text-align: justify;\">Con\u00e7u selon une approche pluridisciplinaire, cet ouvrage propose une r\u00e9flexion sur la corr\u00e9lation des actions politiques et artistiques de la duchesse du Maine et montre en quoi cette personnalit\u00e9 s&#8217;inscrit comme un cha\u00eenon fondamental de la vie socioculturelle fran\u00e7aise entre le Grand Si\u00e8cle et les Lumi\u00e8res.<\/p>\n<p style=\"text-align: justify;\">\u00a0<\/p>\n<p><a href=\"http:\/\/www.classiques-garnier.com\/editions-tabmats\/CcsMS01_tabmat.pdf\">Table des mati\u00e8res<\/a><\/p>\n<p><a href=\"http:\/\/www.classiques-garnier.com\/editions\/index.php?page=shop.product_details&amp;flypage=flypage_garnier.tpl&amp;product_id=2555&amp;category_id=24&amp;keyword=la+duchesse+du+maine&amp;option=com_virtuemart&amp;Itemid=45&amp;utm_source=sendinblue&amp;utm_campaign=LETTRE_DINFORMATION_SEPTEMBRE_2016&amp;utm_medium=email&amp;vmcchk=1&amp;Itemid=45\">Acheter en ligne<\/a><\/p>\n","protected":false},"excerpt":{"rendered":"<p>Paris, Classique Garnier, 2016, 413 p., 49 \u20ac, ISBN 978-2-406-05863-2 Con\u00e7u selon une approche pluridisciplinaire, cet ouvrage propose une r\u00e9flexion sur la corr\u00e9lation des actions politiques et artistiques de la [&hellip;]<\/p>\n","protected":false},"author":1,"featured_media":4834,"comment_status":"closed","ping_status":"open","sticky":false,"template":"","format":"standard","meta":{"_price":"","_stock":"","_tribe_ticket_header":"","_tribe_default_ticket_provider":"","_tribe_ticket_capacity":"0","_ticket_start_date":"","_ticket_end_date":"","_tribe_ticket_show_description":"","_tribe_ticket_show_not_going":false,"_tribe_ticket_use_global_stock":"","_tribe_ticket_global_stock_level":"","_global_stock_mode":"","_global_stock_cap":"","_tribe_rsvp_for_event":"","_tribe_ticket_going_count":"","_tribe_ticket_not_going_count":"","_tribe_tickets_list":[],"_tribe_ticket_has_attendee_info_fields":false},"categories":[5,7],"tags":[],"translation":{"provider":"WPGlobus","version":"3.0.0","language":"en","enabled_languages":["fr","en"],"languages":{"fr":{"title":true,"content":true,"excerpt":false},"en":{"title":false,"content":false,"excerpt":false}}},"_links":{"self":[{"href":"https:\/\/ancien.siefar.org\/en\/wp-json\/wp\/v2\/posts\/4833"}],"collection":[{"href":"https:\/\/ancien.siefar.org\/en\/wp-json\/wp\/v2\/posts"}],"about":[{"href":"https:\/\/ancien.siefar.org\/en\/wp-json\/wp\/v2\/types\/post"}],"author":[{"embeddable":true,"href":"https:\/\/ancien.siefar.org\/en\/wp-json\/wp\/v2\/users\/1"}],"replies":[{"embeddable":true,"href":"https:\/\/ancien.siefar.org\/en\/wp-json\/wp\/v2\/comments?post=4833"}],"version-history":[{"count":2,"href":"https:\/\/ancien.siefar.org\/en\/wp-json\/wp\/v2\/posts\/4833\/revisions"}],"predecessor-version":[{"id":4836,"href":"https:\/\/ancien.siefar.org\/en\/wp-json\/wp\/v2\/posts\/4833\/revisions\/4836"}],"wp:featuredmedia":[{"embeddable":true,"href":"https:\/\/ancien.siefar.org\/en\/wp-json\/wp\/v2\/media\/4834"}],"wp:attachment":[{"href":"https:\/\/ancien.siefar.org\/en\/wp-json\/wp\/v2\/media?parent=4833"}],"wp:term":[{"taxonomy":"category","embeddable":true,"href":"https:\/\/ancien.siefar.org\/en\/wp-json\/wp\/v2\/categories?post=4833"},{"taxonomy":"post_tag","embeddable":true,"href":"https:\/\/ancien.siefar.org\/en\/wp-json\/wp\/v2\/tags?post=4833"}],"curies":[{"name":"wp","href":"https:\/\/api.w.org\/{rel}","templated":true}]}}